{"id":13626,"date":"2020-10-16T16:34:21","date_gmt":"2020-10-16T15:34:21","guid":{"rendered":"https:\/\/www.tenutadipaganico.it\/it\/?p=13626"},"modified":"2021-02-09T18:39:02","modified_gmt":"2021-02-09T17:39:02","slug":"bovini-di-razza-maremmana","status":"publish","type":"post","link":"https:\/\/www.tenutadipaganico.it\/it\/bovini-di-razza-maremmana\/","title":{"rendered":"BOVINI DI RAZZA MAREMMANA"},"content":{"rendered":"<p>[vc_row][vc_column][vc_single_image image=&#8221;13629&#8243; img_size=&#8221;full&#8221;][vc_column_text]<\/p>\n<h3><span style=\"color: #000000;\">BOVINI DI RAZZA MAREMMANA<\/span><\/h3>\n<p><span style=\"color: #000000;\">La Maremmana \u00e8 una razza rustica con una grande attitudine al pascolamento ed alla vita anche in bosco. Si pu\u00f2 considerare autoctona del nostro Paese e qui presente da tempi preistorici.<\/span><\/p>\n<p><span style=\"color: #000000;\">Per l\u2019alimentazione dei soggetti di razza Maremmana risulta fondamentale la presenza di alcune specie legnose, sia arboree che arbustive, come roverella, farnia, leccio, sughera, orniello, corbezzolo, erica e ginestra, tipiche di questa zona.<\/span><\/p>\n<p><span style=\"color: #000000;\">La caratteristica fondamentale che rende questi bovini il simbolo del paesaggio maremmano sono le grandi corna utili anche per aprirsi varchi nella macchia pi\u00f9 inaccessibile e per piegare le piante fino ad abbassare le chiome a livello del suolo, permettendo cos\u00ec ad altri di cibarsene. La collaborazione almeno tra conspecifici \u00e8 tutto!<\/span>[\/vc_column_text][vc_single_image image=&#8221;13628&#8243; img_size=&#8221;full&#8221;][\/vc_column][\/vc_row][vc_row][vc_column width=&#8221;1\/2&#8243;][vc_column_text]<\/p>\n<h3><span style=\"color: #000000;\">L\u2019ALLEVAMENTO<\/span><\/h3>\n<p><span style=\"color: #000000;\">L\u2019allevamento \u00e8 condotto in modo brado secondo la tradizione di queste zone: le vacche pascolano con il toro in aree recintate di circa 40 ettari che racchiudono pascoli \u2013 preferiti in primavera ed estate \u2013 e boschi, veri e propri luoghi di riparo e fonte di cibo in autunno ed inverno. Gli animali sono sempre gestiti in gruppo dal responsabile del bestiame fino al momento della spocciatura, ovvero lo svezzamento dei vitelli, nati rigorosamente da monta naturale, all\u2019et\u00e0 di sei o sette mesi.<\/span><\/p>\n<p><span style=\"color: #000000;\">L\u2019accrescimento e il finissaggio \u2013 ultima fase di vita dell\u2019animale pre-macellazione \u2013 avvengono su pascoli e boschi, dove l\u2019alimentazione \u00e8 integrata, all\u2019occorrenza, con fieni e farine. Comune in caso della razza Maremmana \u00e8 l\u2019utilizzo dell\u2019allevamento brado per i riproduttori, ma rara ed innovativa \u00e8 la tecnica che riguarda l\u2019allevamento estensivo dei vitelli stessi.<\/span>[\/vc_column_text][\/vc_column][vc_column width=&#8221;1\/2&#8243;][vc_column_text]<\/p>\n<h3><span style=\"color: #000000;\">LA CARNE DI MAREMMANA DELLA TENUTA DI PAGANICO<\/span><\/h3>\n<p><span style=\"color: #000000;\">La carne di Razza Maremmana allevata con questa filosofia di allevamento \u00e8 di colore rosso intenso e molto saporita. Ha un\u2019ottima capacit\u00e0 di ritenzione idrica, con conseguente scarsa perdita di acqua durante la cottura.<\/span><\/p>\n<p><span style=\"color: #000000;\">Ricca in acidi grassi insaturi e soprattutto polinsaturi e povera di acidi grassi saturi e colesterolo, risultando una carne di altissima qualit\u00e0 anche sotto l\u2019aspetto dietetico-nutrizionale e non solamente sensoriale.<\/span><\/p>\n<p><span style=\"color: #000000;\">La Tenuta di Paganico \u00e8, inoltre, una dei primi allevamenti maremmani a redigere e sottoscrivere la \u201cCarta dei valori\u201d del Presidio Slow Food \u201cRazza Maremmana\u201d, con l\u2019intento di promuovere e salvaguardare questa razza ed il suo territorio natio.<\/span>[\/vc_column_text][\/vc_column][\/vc_row][vc_row][vc_column width=&#8221;1\/2&#8243;][vc_single_image image=&#8221;13627&#8243; img_size=&#8221;full&#8221;][\/vc_column][vc_column width=&#8221;1\/2&#8243;][vc_single_image image=&#8221;13630&#8243; img_size=&#8221;full&#8221;][\/vc_column][\/vc_row][vc_row][vc_column][vc_column_text]<\/p>\n<h3><span style=\"color: #000000;\">Pres\u00ecdi Slow Food, cosa sono?<\/span><\/h3>\n<p><span style=\"color: #000000;\">Il progetto dei Pres\u00ecdi Slow Food nasce nel 2000. Gi\u00e0 a met\u00e0 degli anni \u201990 Slow Food comprende l\u2019urgenza di salvare la biodiversit\u00e0 alimentare, mappando i prodotti che rischiano l\u2019estinzione, e crea un catalogo virtuale, l\u2019Arca del Gusto, che esiste ancora oggi e continua ad arricchirsi ogni giorno, raccogliendo variet\u00e0 vegetali, razze animali, pani, formaggi, salumi, dolci.<\/span><\/p>\n<p><span style=\"color: #000000;\">Ogni Presidio rappresenta:<\/span><\/p>\n<p><span style=\"color: #000000;\">[icon name=&#8221;fa-stop&#8221; size=&#8221;18px&#8221; color=&#8221;#b76014&#8243; link=&#8221;&#8221;] una comunit\u00e0 di produttori che si ispira alla filosofia Slow Food<\/span><\/p>\n<p><span style=\"color: #000000;\">[icon name=&#8221;fa-stop&#8221; size=&#8221;18px&#8221; color=&#8221;#8ca533&#8243; link=&#8221;&#8221;] un prodotto tradizionale<\/span><\/p>\n<p><span style=\"color: #000000;\">[icon name=&#8221;fa-stop&#8221; size=&#8221;18px&#8221; color=&#8221;#bac44a&#8221; link=&#8221;&#8221;] un territorio<\/span><\/p>\n<p><span style=\"color: #000000;\">[icon name=&#8221;fa-stop&#8221; size=&#8221;18px&#8221; color=&#8221;#dd9a35&#8243; link=&#8221;&#8221;] un patrimonio di cultura e saperi<\/span><\/p>\n<p><span style=\"color: #000000;\">Oggi i Pres\u00ecdi sono circa 600 e si trovano in in pi\u00f9 70 Paesi.<\/span><\/p>\n<p><span style=\"color: #000000;\">I Pres\u00ecdi Slow Food sono espressione delle culture e degli ecosistemi pi\u00f9 diversi: dalle Alpi alle foreste tropicali, dalle piccole isole ai contesti periurbani.<\/span><br \/>\n<span style=\"color: #000000;\">Traducono la filosofia Slow Food in pratica quotidiana: seguono i principi dell\u2019agroecologia, rispettano il suolo, l\u2019acqua, il benessere animale, la biodiversit\u00e0 (da quella invisibile, della microflora, a quella culturale, dei saperi e delle tecniche), preservano i paesaggi agricoli tradizionali, riducono al minimo l\u2019impatto ambientale delle loro produzioni, evitano l\u2019uso di pesticidi, antibiotici, conservanti, additivi, coloranti, affiancano ai prodotti etichette dettagliate, che raccontano ogni fase della produzione.<\/span><\/p>\n<p><span style=\"color: #000000;\">I Pres\u00ecdi sono esempi virtuosi di economia locale, riconosciuti a livello internazionale dalle istituzioni, dal mondo accademico, dai media e dai consumatori.<\/span>[\/vc_column_text][vc_column_text css=&#8221;.vc_custom_1602862616893{background-color: #990909 !important;}&#8221;]<\/p>\n<p style=\"text-align: center;\"><span style=\"color: #ffffff;\"><a style=\"color: #ffffff;\" href=\"https:\/\/www.tenutadipaganico.it\/wp-content\/uploads\/CARTA-DEI-VALORI-PRES\u00ccDIO-SLOW-FOOD-RAZZA-MAREMMANA.pdf\">CARTA DEI VALORI PRES\u00ccDIO SLOW FOOD RAZZA MAREMMANA<\/a><\/span><\/p>\n<p>[\/vc_column_text][\/vc_column][\/vc_row]<\/p>\n","protected":false},"excerpt":{"rendered":"<p>[vc_row][vc_column][vc_single_image image=&#8221;13629&#8243; img_size=&#8221;full&#8221;][vc_column_text] BOVINI DI RAZZA MAREMMANA La Maremmana \u00e8 una razza rustica con una grande attitudine al pascolamento ed [&hellip;]<\/p>\n","protected":false},"author":1,"featured_media":13651,"comment_status":"open","ping_status":"open","sticky":false,"template":"","format":"standard","meta":{"site-sidebar-layout":"default","site-content-layout":"","ast-site-content-layout":"","site-content-style":"default","site-sidebar-style":"default","ast-global-header-display":"","ast-banner-title-visibility":"","ast-main-header-display":"","ast-hfb-above-header-display":"","ast-hfb-below-header-display":"","ast-hfb-mobile-header-display":"","site-post-title":"","ast-breadcrumbs-content":"","ast-featured-img":"","footer-sml-layout":"","theme-transparent-header-meta":"","adv-header-id-meta":"","stick-header-meta":"","header-above-stick-meta":"","header-main-stick-meta":"","header-below-stick-meta":"","astra-migrate-meta-layouts":"default","ast-page-background-enabled":"default","ast-page-background-meta":{"desktop":{"background-color":"var(--ast-global-color-5)","background-image":"","background-repeat":"repeat","background-position":"center center","background-size":"auto","background-attachment":"scroll","background-type":"","background-media":"","overlay-type":"","overlay-color":"","overlay-opacity":"","overlay-gradient":""},"tablet":{"background-color":"","background-image":"","background-repeat":"repeat","background-position":"center center","background-size":"auto","background-attachment":"scroll","background-type":"","background-media":"","overlay-type":"","overlay-color":"","overlay-opacity":"","overlay-gradient":""},"mobile":{"background-color":"","background-image":"","background-repeat":"repeat","background-position":"center center","background-size":"auto","background-attachment":"scroll","background-type":"","background-media":"","overlay-type":"","overlay-color":"","overlay-opacity":"","overlay-gradient":""}},"ast-content-background-meta":{"desktop":{"background-color":"var(--ast-global-color-4)","background-image":"","background-repeat":"repeat","background-position":"center center","background-size":"auto","background-attachment":"scroll","background-type":"","background-media":"","overlay-type":"","overlay-color":"","overlay-opacity":"","overlay-gradient":""},"tablet":{"background-color":"var(--ast-global-color-4)","background-image":"","background-repeat":"repeat","background-position":"center center","background-size":"auto","background-attachment":"scroll","background-type":"","background-media":"","overlay-type":"","overlay-color":"","overlay-opacity":"","overlay-gradient":""},"mobile":{"background-color":"var(--ast-global-color-4)","background-image":"","background-repeat":"repeat","background-position":"center center","background-size":"auto","background-attachment":"scroll","background-type":"","background-media":"","overlay-type":"","overlay-color":"","overlay-opacity":"","overlay-gradient":""}},"footnotes":""},"categories":[185,191,186,121],"tags":[],"class_list":["post-13626","post","type-post","status-publish","format-standard","has-post-thumbnail","hentry","category-allevamento-brado","category-bovino-aperitivi-pranzi-vini","category-brado-ristorante","category-lopificio"],"yoast_head":"<!-- This site is optimized with the Yoast SEO plugin v25.9 - https:\/\/yoast.com\/wordpress\/plugins\/seo\/ -->\n<title>BOVINI DI RAZZA MAREMMANA -<\/title>\n<meta name=\"description\" content=\"i Bovini di razza maremmana - allevamento brado estensivo biologico - presidio slowfood. Visite in azienda, ristorante, sostenibilit\u00e0\" \/>\n<meta name=\"robots\" content=\"index, follow, max-snippet:-1, max-image-preview:large, max-video-preview:-1\" \/>\n<link rel=\"canonical\" href=\"https:\/\/www.tenutadipaganico.it\/it\/bovini-di-razza-maremmana\/\" \/>\n<meta property=\"og:locale\" content=\"it_IT\" \/>\n<meta property=\"og:type\" content=\"article\" \/>\n<meta property=\"og:title\" content=\"BOVINI DI RAZZA MAREMMANA -\" \/>\n<meta property=\"og:description\" content=\"i Bovini di razza maremmana - allevamento brado estensivo biologico - presidio slowfood. Visite in azienda, ristorante, sostenibilit\u00e0\" \/>\n<meta property=\"og:url\" content=\"https:\/\/www.tenutadipaganico.it\/it\/bovini-di-razza-maremmana\/\" \/>\n<meta property=\"article:published_time\" content=\"2020-10-16T15:34:21+00:00\" \/>\n<meta property=\"article:modified_time\" content=\"2021-02-09T17:39:02+00:00\" \/>\n<meta property=\"og:image\" content=\"https:\/\/www.tenutadipaganico.it\/wp-content\/uploads\/maremmane-pascolo-bosco_tenuta_di_paganico.jpg\" \/>\n\t<meta property=\"og:image:width\" content=\"1920\" \/>\n\t<meta property=\"og:image:height\" content=\"800\" \/>\n\t<meta property=\"og:image:type\" content=\"image\/jpeg\" \/>\n<meta name=\"author\" content=\"admin\" \/>\n<meta name=\"twitter:card\" content=\"summary_large_image\" \/>\n<meta name=\"twitter:label1\" content=\"Scritto da\" \/>\n\t<meta name=\"twitter:data1\" content=\"admin\" \/>\n\t<meta name=\"twitter:label2\" content=\"Tempo di lettura stimato\" \/>\n\t<meta name=\"twitter:data2\" content=\"4 minuti\" \/>\n<script type=\"application\/ld+json\" class=\"yoast-schema-graph\">{\"@context\":\"https:\/\/schema.org\",\"@graph\":[{\"@type\":\"Article\",\"@id\":\"https:\/\/www.tenutadipaganico.it\/it\/bovini-di-razza-maremmana\/#article\",\"isPartOf\":{\"@id\":\"https:\/\/www.tenutadipaganico.it\/it\/bovini-di-razza-maremmana\/\"},\"author\":{\"name\":\"admin\",\"@id\":\"https:\/\/www.tenutadipaganico.it\/it\/#\/schema\/person\/39d3c428fc1d287ebe9b39e0ce9d39d8\"},\"headline\":\"BOVINI DI RAZZA MAREMMANA\",\"datePublished\":\"2020-10-16T15:34:21+00:00\",\"dateModified\":\"2021-02-09T17:39:02+00:00\",\"mainEntityOfPage\":{\"@id\":\"https:\/\/www.tenutadipaganico.it\/it\/bovini-di-razza-maremmana\/\"},\"wordCount\":743,\"commentCount\":0,\"publisher\":{\"@id\":\"https:\/\/www.tenutadipaganico.it\/it\/#organization\"},\"image\":{\"@id\":\"https:\/\/www.tenutadipaganico.it\/it\/bovini-di-razza-maremmana\/#primaryimage\"},\"thumbnailUrl\":\"https:\/\/www.tenutadipaganico.it\/wp-content\/uploads\/maremmane-pascolo-bosco_tenuta_di_paganico.jpg\",\"articleSection\":[\"allevamento brado\",\"BoVino aperitivi pranzi vini\",\"BRADO - RISTORANTE\",\"l'opificio\"],\"inLanguage\":\"it-IT\",\"potentialAction\":[{\"@type\":\"CommentAction\",\"name\":\"Comment\",\"target\":[\"https:\/\/www.tenutadipaganico.it\/it\/bovini-di-razza-maremmana\/#respond\"]}]},{\"@type\":\"WebPage\",\"@id\":\"https:\/\/www.tenutadipaganico.it\/it\/bovini-di-razza-maremmana\/\",\"url\":\"https:\/\/www.tenutadipaganico.it\/it\/bovini-di-razza-maremmana\/\",\"name\":\"BOVINI DI RAZZA MAREMMANA -\",\"isPartOf\":{\"@id\":\"https:\/\/www.tenutadipaganico.it\/it\/#website\"},\"primaryImageOfPage\":{\"@id\":\"https:\/\/www.tenutadipaganico.it\/it\/bovini-di-razza-maremmana\/#primaryimage\"},\"image\":{\"@id\":\"https:\/\/www.tenutadipaganico.it\/it\/bovini-di-razza-maremmana\/#primaryimage\"},\"thumbnailUrl\":\"https:\/\/www.tenutadipaganico.it\/wp-content\/uploads\/maremmane-pascolo-bosco_tenuta_di_paganico.jpg\",\"datePublished\":\"2020-10-16T15:34:21+00:00\",\"dateModified\":\"2021-02-09T17:39:02+00:00\",\"description\":\"i Bovini di razza maremmana - allevamento brado estensivo biologico - presidio slowfood. Visite in azienda, ristorante, sostenibilit\u00e0\",\"breadcrumb\":{\"@id\":\"https:\/\/www.tenutadipaganico.it\/it\/bovini-di-razza-maremmana\/#breadcrumb\"},\"inLanguage\":\"it-IT\",\"potentialAction\":[{\"@type\":\"ReadAction\",\"target\":[\"https:\/\/www.tenutadipaganico.it\/it\/bovini-di-razza-maremmana\/\"]}]},{\"@type\":\"ImageObject\",\"inLanguage\":\"it-IT\",\"@id\":\"https:\/\/www.tenutadipaganico.it\/it\/bovini-di-razza-maremmana\/#primaryimage\",\"url\":\"https:\/\/www.tenutadipaganico.it\/wp-content\/uploads\/maremmane-pascolo-bosco_tenuta_di_paganico.jpg\",\"contentUrl\":\"https:\/\/www.tenutadipaganico.it\/wp-content\/uploads\/maremmane-pascolo-bosco_tenuta_di_paganico.jpg\",\"width\":1920,\"height\":800},{\"@type\":\"BreadcrumbList\",\"@id\":\"https:\/\/www.tenutadipaganico.it\/it\/bovini-di-razza-maremmana\/#breadcrumb\",\"itemListElement\":[{\"@type\":\"ListItem\",\"position\":1,\"name\":\"Home\",\"item\":\"https:\/\/www.tenutadipaganico.it\/it\/\"},{\"@type\":\"ListItem\",\"position\":2,\"name\":\"BOVINI DI RAZZA MAREMMANA\"}]},{\"@type\":\"WebSite\",\"@id\":\"https:\/\/www.tenutadipaganico.it\/it\/#website\",\"url\":\"https:\/\/www.tenutadipaganico.it\/it\/\",\"name\":\"\",\"description\":\"Tenuta di Paganico\",\"publisher\":{\"@id\":\"https:\/\/www.tenutadipaganico.it\/it\/#organization\"},\"potentialAction\":[{\"@type\":\"SearchAction\",\"target\":{\"@type\":\"EntryPoint\",\"urlTemplate\":\"https:\/\/www.tenutadipaganico.it\/it\/?s={search_term_string}\"},\"query-input\":{\"@type\":\"PropertyValueSpecification\",\"valueRequired\":true,\"valueName\":\"search_term_string\"}}],\"inLanguage\":\"it-IT\"},{\"@type\":\"Organization\",\"@id\":\"https:\/\/www.tenutadipaganico.it\/it\/#organization\",\"name\":\"Tenuta di Paganico\",\"url\":\"https:\/\/www.tenutadipaganico.it\/it\/\",\"logo\":{\"@type\":\"ImageObject\",\"inLanguage\":\"it-IT\",\"@id\":\"https:\/\/www.tenutadipaganico.it\/it\/#\/schema\/logo\/image\/\",\"url\":\"https:\/\/www.tenutadipaganico.it\/wp-content\/uploads\/cropped-LOGO_TENUTA_DI_PAGANICO-1.png\",\"contentUrl\":\"https:\/\/www.tenutadipaganico.it\/wp-content\/uploads\/cropped-LOGO_TENUTA_DI_PAGANICO-1.png\",\"width\":379,\"height\":140,\"caption\":\"Tenuta di Paganico\"},\"image\":{\"@id\":\"https:\/\/www.tenutadipaganico.it\/it\/#\/schema\/logo\/image\/\"}},{\"@type\":\"Person\",\"@id\":\"https:\/\/www.tenutadipaganico.it\/it\/#\/schema\/person\/39d3c428fc1d287ebe9b39e0ce9d39d8\",\"name\":\"admin\",\"image\":{\"@type\":\"ImageObject\",\"inLanguage\":\"it-IT\",\"@id\":\"https:\/\/www.tenutadipaganico.it\/it\/#\/schema\/person\/image\/\",\"url\":\"https:\/\/secure.gravatar.com\/avatar\/a35d46eddda4d0d7811cd801e6845df6?s=96&d=mm&r=g\",\"contentUrl\":\"https:\/\/secure.gravatar.com\/avatar\/a35d46eddda4d0d7811cd801e6845df6?s=96&d=mm&r=g\",\"caption\":\"admin\"},\"url\":\"https:\/\/www.tenutadipaganico.it\/it\/author\/admin\/\"}]}<\/script>\n<!-- \/ Yoast SEO plugin. -->","yoast_head_json":{"title":"BOVINI DI RAZZA MAREMMANA -","description":"i Bovini di razza maremmana - allevamento brado estensivo biologico - presidio slowfood. Visite in azienda, ristorante, sostenibilit\u00e0","robots":{"index":"index","follow":"follow","max-snippet":"max-snippet:-1","max-image-preview":"max-image-preview:large","max-video-preview":"max-video-preview:-1"},"canonical":"https:\/\/www.tenutadipaganico.it\/it\/bovini-di-razza-maremmana\/","og_locale":"it_IT","og_type":"article","og_title":"BOVINI DI RAZZA MAREMMANA -","og_description":"i Bovini di razza maremmana - allevamento brado estensivo biologico - presidio slowfood. Visite in azienda, ristorante, sostenibilit\u00e0","og_url":"https:\/\/www.tenutadipaganico.it\/it\/bovini-di-razza-maremmana\/","article_published_time":"2020-10-16T15:34:21+00:00","article_modified_time":"2021-02-09T17:39:02+00:00","og_image":[{"width":1920,"height":800,"url":"https:\/\/www.tenutadipaganico.it\/wp-content\/uploads\/maremmane-pascolo-bosco_tenuta_di_paganico.jpg","type":"image\/jpeg"}],"author":"admin","twitter_card":"summary_large_image","twitter_misc":{"Scritto da":"admin","Tempo di lettura stimato":"4 minuti"},"schema":{"@context":"https:\/\/schema.org","@graph":[{"@type":"Article","@id":"https:\/\/www.tenutadipaganico.it\/it\/bovini-di-razza-maremmana\/#article","isPartOf":{"@id":"https:\/\/www.tenutadipaganico.it\/it\/bovini-di-razza-maremmana\/"},"author":{"name":"admin","@id":"https:\/\/www.tenutadipaganico.it\/it\/#\/schema\/person\/39d3c428fc1d287ebe9b39e0ce9d39d8"},"headline":"BOVINI DI RAZZA MAREMMANA","datePublished":"2020-10-16T15:34:21+00:00","dateModified":"2021-02-09T17:39:02+00:00","mainEntityOfPage":{"@id":"https:\/\/www.tenutadipaganico.it\/it\/bovini-di-razza-maremmana\/"},"wordCount":743,"commentCount":0,"publisher":{"@id":"https:\/\/www.tenutadipaganico.it\/it\/#organization"},"image":{"@id":"https:\/\/www.tenutadipaganico.it\/it\/bovini-di-razza-maremmana\/#primaryimage"},"thumbnailUrl":"https:\/\/www.tenutadipaganico.it\/wp-content\/uploads\/maremmane-pascolo-bosco_tenuta_di_paganico.jpg","articleSection":["allevamento brado","BoVino aperitivi pranzi vini","BRADO - RISTORANTE","l'opificio"],"inLanguage":"it-IT","potentialAction":[{"@type":"CommentAction","name":"Comment","target":["https:\/\/www.tenutadipaganico.it\/it\/bovini-di-razza-maremmana\/#respond"]}]},{"@type":"WebPage","@id":"https:\/\/www.tenutadipaganico.it\/it\/bovini-di-razza-maremmana\/","url":"https:\/\/www.tenutadipaganico.it\/it\/bovini-di-razza-maremmana\/","name":"BOVINI DI RAZZA MAREMMANA -","isPartOf":{"@id":"https:\/\/www.tenutadipaganico.it\/it\/#website"},"primaryImageOfPage":{"@id":"https:\/\/www.tenutadipaganico.it\/it\/bovini-di-razza-maremmana\/#primaryimage"},"image":{"@id":"https:\/\/www.tenutadipaganico.it\/it\/bovini-di-razza-maremmana\/#primaryimage"},"thumbnailUrl":"https:\/\/www.tenutadipaganico.it\/wp-content\/uploads\/maremmane-pascolo-bosco_tenuta_di_paganico.jpg","datePublished":"2020-10-16T15:34:21+00:00","dateModified":"2021-02-09T17:39:02+00:00","description":"i Bovini di razza maremmana - allevamento brado estensivo biologico - presidio slowfood. Visite in azienda, ristorante, sostenibilit\u00e0","breadcrumb":{"@id":"https:\/\/www.tenutadipaganico.it\/it\/bovini-di-razza-maremmana\/#breadcrumb"},"inLanguage":"it-IT","potentialAction":[{"@type":"ReadAction","target":["https:\/\/www.tenutadipaganico.it\/it\/bovini-di-razza-maremmana\/"]}]},{"@type":"ImageObject","inLanguage":"it-IT","@id":"https:\/\/www.tenutadipaganico.it\/it\/bovini-di-razza-maremmana\/#primaryimage","url":"https:\/\/www.tenutadipaganico.it\/wp-content\/uploads\/maremmane-pascolo-bosco_tenuta_di_paganico.jpg","contentUrl":"https:\/\/www.tenutadipaganico.it\/wp-content\/uploads\/maremmane-pascolo-bosco_tenuta_di_paganico.jpg","width":1920,"height":800},{"@type":"BreadcrumbList","@id":"https:\/\/www.tenutadipaganico.it\/it\/bovini-di-razza-maremmana\/#breadcrumb","itemListElement":[{"@type":"ListItem","position":1,"name":"Home","item":"https:\/\/www.tenutadipaganico.it\/it\/"},{"@type":"ListItem","position":2,"name":"BOVINI DI RAZZA MAREMMANA"}]},{"@type":"WebSite","@id":"https:\/\/www.tenutadipaganico.it\/it\/#website","url":"https:\/\/www.tenutadipaganico.it\/it\/","name":"","description":"Tenuta di Paganico","publisher":{"@id":"https:\/\/www.tenutadipaganico.it\/it\/#organization"},"potentialAction":[{"@type":"SearchAction","target":{"@type":"EntryPoint","urlTemplate":"https:\/\/www.tenutadipaganico.it\/it\/?s={search_term_string}"},"query-input":{"@type":"PropertyValueSpecification","valueRequired":true,"valueName":"search_term_string"}}],"inLanguage":"it-IT"},{"@type":"Organization","@id":"https:\/\/www.tenutadipaganico.it\/it\/#organization","name":"Tenuta di Paganico","url":"https:\/\/www.tenutadipaganico.it\/it\/","logo":{"@type":"ImageObject","inLanguage":"it-IT","@id":"https:\/\/www.tenutadipaganico.it\/it\/#\/schema\/logo\/image\/","url":"https:\/\/www.tenutadipaganico.it\/wp-content\/uploads\/cropped-LOGO_TENUTA_DI_PAGANICO-1.png","contentUrl":"https:\/\/www.tenutadipaganico.it\/wp-content\/uploads\/cropped-LOGO_TENUTA_DI_PAGANICO-1.png","width":379,"height":140,"caption":"Tenuta di Paganico"},"image":{"@id":"https:\/\/www.tenutadipaganico.it\/it\/#\/schema\/logo\/image\/"}},{"@type":"Person","@id":"https:\/\/www.tenutadipaganico.it\/it\/#\/schema\/person\/39d3c428fc1d287ebe9b39e0ce9d39d8","name":"admin","image":{"@type":"ImageObject","inLanguage":"it-IT","@id":"https:\/\/www.tenutadipaganico.it\/it\/#\/schema\/person\/image\/","url":"https:\/\/secure.gravatar.com\/avatar\/a35d46eddda4d0d7811cd801e6845df6?s=96&d=mm&r=g","contentUrl":"https:\/\/secure.gravatar.com\/avatar\/a35d46eddda4d0d7811cd801e6845df6?s=96&d=mm&r=g","caption":"admin"},"url":"https:\/\/www.tenutadipaganico.it\/it\/author\/admin\/"}]}},"_links":{"self":[{"href":"https:\/\/www.tenutadipaganico.it\/it\/wp-json\/wp\/v2\/posts\/13626","targetHints":{"allow":["GET"]}}],"collection":[{"href":"https:\/\/www.tenutadipaganico.it\/it\/wp-json\/wp\/v2\/posts"}],"about":[{"href":"https:\/\/www.tenutadipaganico.it\/it\/wp-json\/wp\/v2\/types\/post"}],"author":[{"embeddable":true,"href":"https:\/\/www.tenutadipaganico.it\/it\/wp-json\/wp\/v2\/users\/1"}],"replies":[{"embeddable":true,"href":"https:\/\/www.tenutadipaganico.it\/it\/wp-json\/wp\/v2\/comments?post=13626"}],"version-history":[{"count":6,"href":"https:\/\/www.tenutadipaganico.it\/it\/wp-json\/wp\/v2\/posts\/13626\/revisions"}],"predecessor-version":[{"id":13636,"href":"https:\/\/www.tenutadipaganico.it\/it\/wp-json\/wp\/v2\/posts\/13626\/revisions\/13636"}],"wp:featuredmedia":[{"embeddable":true,"href":"https:\/\/www.tenutadipaganico.it\/it\/wp-json\/wp\/v2\/media\/13651"}],"wp:attachment":[{"href":"https:\/\/www.tenutadipaganico.it\/it\/wp-json\/wp\/v2\/media?parent=13626"}],"wp:term":[{"taxonomy":"category","embeddable":true,"href":"https:\/\/www.tenutadipaganico.it\/it\/wp-json\/wp\/v2\/categories?post=13626"},{"taxonomy":"post_tag","embeddable":true,"href":"https:\/\/www.tenutadipaganico.it\/it\/wp-json\/wp\/v2\/tags?post=13626"}],"curies":[{"name":"wp","href":"https:\/\/api.w.org\/{rel}","templated":true}]}}