{"id":11957,"date":"2018-04-11T09:37:11","date_gmt":"2018-04-11T08:37:11","guid":{"rendered":"http:\/\/www.tenutadipaganico.it\/it\/?p=11957"},"modified":"2018-04-11T09:37:41","modified_gmt":"2018-04-11T08:37:41","slug":"festa-dellequinozio","status":"publish","type":"post","link":"https:\/\/www.tenutadipaganico.it\/it\/festa-dellequinozio\/","title":{"rendered":"Festa dell&#8217;Equinozio"},"content":{"rendered":"<p>Sabato 24 marzo &#8211; dalle ore 17<br \/>\nvi chiediamo di entrare nello spirito per festeggiare l&#8217;arrivo della primavera e la partenza di un amico con la forma pi\u00f9 sincera del &#8220;conosci quello che mangi&#8221;: avremo a disposizione un intero vitello allevato in Tenuta di Paganico allo stato brado.<br \/>\nVi aspettiamo per sviluppare insieme un percorso di gusto e rispetto.<\/p>\n<p>&#8212;&#8212;<br \/>\nPrepareremo l&#8217;intero animale in diverse cotture:<br \/>\n1- la\u00a0Pachamanca.<\/p>\n<p>Pachamanca in lingua quechua significa &#8220;forno di terra&#8221; ed \u00e9 una modalit\u00e0 di cottura rituale che riesce a riunire intorno a s\u00e8 la comunit\u00e0 per la preparazione, la cottura e l&#8217;assaggio comunitario e celebrare la Pachamama: &#8220;Madre Natura&#8221;.<span class=\"text_exposed_show\"><br \/>\nLa carne marinata viene cotta dentro un buco scavato in terra, grazie al calore di pietre pre-riscaldate. Il buco viene chiuso con teli e foglie a mantenere la temperatura. Trascorse alcune ore si riapre il &#8220;forno&#8221;, il risultato \u00e8 una misto di sapori e una carne tenera che si disfa in bocca. &#8220;Pulled beef&#8221;!<\/span><\/p>\n<p>&nbsp;<\/p>\n<hr \/>\n<p>&nbsp;<\/p>\n<p><a href=\"http:\/\/www.tenutadipaganico.it\/wp-content\/uploads\/banner-festa-equinozio.jpg\"><img fetchpriority=\"high\" decoding=\"async\" class=\"alignnone size-full wp-image-11964\" src=\"http:\/\/www.tenutadipaganico.it\/wp-content\/uploads\/banner-festa-equinozio.jpg\" alt=\"\" width=\"1920\" height=\"800\" srcset=\"https:\/\/www.tenutadipaganico.it\/wp-content\/uploads\/banner-festa-equinozio.jpg 1920w, https:\/\/www.tenutadipaganico.it\/wp-content\/uploads\/banner-festa-equinozio-600x250.jpg 600w, https:\/\/www.tenutadipaganico.it\/wp-content\/uploads\/banner-festa-equinozio-300x125.jpg 300w, https:\/\/www.tenutadipaganico.it\/wp-content\/uploads\/banner-festa-equinozio-768x320.jpg 768w, https:\/\/www.tenutadipaganico.it\/wp-content\/uploads\/banner-festa-equinozio-1024x427.jpg 1024w\" sizes=\"(max-width: 1920px) 100vw, 1920px\" \/><\/a><\/p>\n","protected":false},"excerpt":{"rendered":"<p>Sabato 24 marzo &#8211; dalle ore 17 vi chiediamo di entrare nello spirito per festeggiare l&#8217;arrivo della primavera e la [&hellip;]<\/p>\n","protected":false},"author":1,"featured_media":0,"comment_status":"open","ping_status":"open","sticky":false,"template":"","format":"standard","meta":{"site-sidebar-layout":"default","site-content-layout":"","ast-site-content-layout":"","site-content-style":"default","site-sidebar-style":"default","ast-global-header-display":"","ast-banner-title-visibility":"","ast-main-header-display":"","ast-hfb-above-header-display":"","ast-hfb-below-header-display":"","ast-hfb-mobile-header-display":"","site-post-title":"","ast-breadcrumbs-content":"","ast-featured-img":"","footer-sml-layout":"","theme-transparent-header-meta":"","adv-header-id-meta":"","stick-header-meta":"","header-above-stick-meta":"","header-main-stick-meta":"","header-below-stick-meta":"","astra-migrate-meta-layouts":"default","ast-page-background-enabled":"default","ast-page-background-meta":{"desktop":{"background-color":"var(--ast-global-color-5)","background-image":"","background-repeat":"repeat","background-position":"center center","background-size":"auto","background-attachment":"scroll","background-type":"","background-media":"","overlay-type":"","overlay-color":"","overlay-opacity":"","overlay-gradient":""},"tablet":{"background-color":"","background-image":"","background-repeat":"repeat","background-position":"center center","background-size":"auto","background-attachment":"scroll","background-type":"","background-media":"","overlay-type":"","overlay-color":"","overlay-opacity":"","overlay-gradient":""},"mobile":{"background-color":"","background-image":"","background-repeat":"repeat","background-position":"center center","background-size":"auto","background-attachment":"scroll","background-type":"","background-media":"","overlay-type":"","overlay-color":"","overlay-opacity":"","overlay-gradient":""}},"ast-content-background-meta":{"desktop":{"background-color":"var(--ast-global-color-4)","background-image":"","background-repeat":"repeat","background-position":"center center","background-size":"auto","background-attachment":"scroll","background-type":"","background-media":"","overlay-type":"","overlay-color":"","overlay-opacity":"","overlay-gradient":""},"tablet":{"background-color":"var(--ast-global-color-4)","background-image":"","background-repeat":"repeat","background-position":"center center","background-size":"auto","background-attachment":"scroll","background-type":"","background-media":"","overlay-type":"","overlay-color":"","overlay-opacity":"","overlay-gradient":""},"mobile":{"background-color":"var(--ast-global-color-4)","background-image":"","background-repeat":"repeat","background-position":"center center","background-size":"auto","background-attachment":"scroll","background-type":"","background-media":"","overlay-type":"","overlay-color":"","overlay-opacity":"","overlay-gradient":""}},"footnotes":""},"categories":[1],"tags":[],"class_list":["post-11957","post","type-post","status-publish","format-standard","hentry","category-non-categorizzato"],"yoast_head":"<!-- This site is optimized with the Yoast SEO plugin v25.9 - https:\/\/yoast.com\/wordpress\/plugins\/seo\/ -->\n<title>Festa dell&#039;Equinozio -<\/title>\n<meta name=\"robots\" content=\"index, follow, max-snippet:-1, max-image-preview:large, max-video-preview:-1\" \/>\n<link rel=\"canonical\" href=\"https:\/\/www.tenutadipaganico.it\/it\/festa-dellequinozio\/\" \/>\n<meta property=\"og:locale\" content=\"it_IT\" \/>\n<meta property=\"og:type\" content=\"article\" \/>\n<meta property=\"og:title\" content=\"Festa dell&#039;Equinozio -\" \/>\n<meta property=\"og:description\" content=\"Sabato 24 marzo &#8211; dalle ore 17 vi chiediamo di entrare nello spirito per festeggiare l&#8217;arrivo della primavera e la [&hellip;]\" \/>\n<meta property=\"og:url\" content=\"https:\/\/www.tenutadipaganico.it\/it\/festa-dellequinozio\/\" \/>\n<meta property=\"article:published_time\" content=\"2018-04-11T08:37:11+00:00\" \/>\n<meta property=\"article:modified_time\" content=\"2018-04-11T08:37:41+00:00\" \/>\n<meta property=\"og:image\" content=\"https:\/\/www.tenutadipaganico.it\/wp-content\/uploads\/banner-festa-equinozio.jpg\" \/>\n\t<meta property=\"og:image:width\" content=\"1920\" \/>\n\t<meta property=\"og:image:height\" content=\"800\" \/>\n\t<meta property=\"og:image:type\" content=\"image\/jpeg\" \/>\n<meta name=\"author\" content=\"admin\" \/>\n<meta name=\"twitter:card\" content=\"summary_large_image\" \/>\n<meta name=\"twitter:label1\" content=\"Scritto da\" \/>\n\t<meta name=\"twitter:data1\" content=\"admin\" \/>\n\t<meta name=\"twitter:label2\" content=\"Tempo di lettura stimato\" \/>\n\t<meta name=\"twitter:data2\" content=\"1 minuto\" \/>\n<script type=\"application\/ld+json\" class=\"yoast-schema-graph\">{\"@context\":\"https:\/\/schema.org\",\"@graph\":[{\"@type\":\"Article\",\"@id\":\"https:\/\/www.tenutadipaganico.it\/it\/festa-dellequinozio\/#article\",\"isPartOf\":{\"@id\":\"https:\/\/www.tenutadipaganico.it\/it\/festa-dellequinozio\/\"},\"author\":{\"name\":\"admin\",\"@id\":\"https:\/\/www.tenutadipaganico.it\/it\/#\/schema\/person\/39d3c428fc1d287ebe9b39e0ce9d39d8\"},\"headline\":\"Festa dell&#8217;Equinozio\",\"datePublished\":\"2018-04-11T08:37:11+00:00\",\"dateModified\":\"2018-04-11T08:37:41+00:00\",\"mainEntityOfPage\":{\"@id\":\"https:\/\/www.tenutadipaganico.it\/it\/festa-dellequinozio\/\"},\"wordCount\":161,\"commentCount\":0,\"publisher\":{\"@id\":\"https:\/\/www.tenutadipaganico.it\/it\/#organization\"},\"image\":{\"@id\":\"https:\/\/www.tenutadipaganico.it\/it\/festa-dellequinozio\/#primaryimage\"},\"thumbnailUrl\":\"http:\/\/www.tenutadipaganico.it\/wp-content\/uploads\/banner-festa-equinozio.jpg\",\"articleSection\":[\"Non categorizzato\"],\"inLanguage\":\"it-IT\",\"potentialAction\":[{\"@type\":\"CommentAction\",\"name\":\"Comment\",\"target\":[\"https:\/\/www.tenutadipaganico.it\/it\/festa-dellequinozio\/#respond\"]}]},{\"@type\":\"WebPage\",\"@id\":\"https:\/\/www.tenutadipaganico.it\/it\/festa-dellequinozio\/\",\"url\":\"https:\/\/www.tenutadipaganico.it\/it\/festa-dellequinozio\/\",\"name\":\"Festa dell'Equinozio -\",\"isPartOf\":{\"@id\":\"https:\/\/www.tenutadipaganico.it\/it\/#website\"},\"primaryImageOfPage\":{\"@id\":\"https:\/\/www.tenutadipaganico.it\/it\/festa-dellequinozio\/#primaryimage\"},\"image\":{\"@id\":\"https:\/\/www.tenutadipaganico.it\/it\/festa-dellequinozio\/#primaryimage\"},\"thumbnailUrl\":\"http:\/\/www.tenutadipaganico.it\/wp-content\/uploads\/banner-festa-equinozio.jpg\",\"datePublished\":\"2018-04-11T08:37:11+00:00\",\"dateModified\":\"2018-04-11T08:37:41+00:00\",\"breadcrumb\":{\"@id\":\"https:\/\/www.tenutadipaganico.it\/it\/festa-dellequinozio\/#breadcrumb\"},\"inLanguage\":\"it-IT\",\"potentialAction\":[{\"@type\":\"ReadAction\",\"target\":[\"https:\/\/www.tenutadipaganico.it\/it\/festa-dellequinozio\/\"]}]},{\"@type\":\"ImageObject\",\"inLanguage\":\"it-IT\",\"@id\":\"https:\/\/www.tenutadipaganico.it\/it\/festa-dellequinozio\/#primaryimage\",\"url\":\"http:\/\/www.tenutadipaganico.it\/wp-content\/uploads\/banner-festa-equinozio.jpg\",\"contentUrl\":\"http:\/\/www.tenutadipaganico.it\/wp-content\/uploads\/banner-festa-equinozio.jpg\"},{\"@type\":\"BreadcrumbList\",\"@id\":\"https:\/\/www.tenutadipaganico.it\/it\/festa-dellequinozio\/#breadcrumb\",\"itemListElement\":[{\"@type\":\"ListItem\",\"position\":1,\"name\":\"Home\",\"item\":\"https:\/\/www.tenutadipaganico.it\/it\/\"},{\"@type\":\"ListItem\",\"position\":2,\"name\":\"Festa dell&#8217;Equinozio\"}]},{\"@type\":\"WebSite\",\"@id\":\"https:\/\/www.tenutadipaganico.it\/it\/#website\",\"url\":\"https:\/\/www.tenutadipaganico.it\/it\/\",\"name\":\"\",\"description\":\"Tenuta di Paganico\",\"publisher\":{\"@id\":\"https:\/\/www.tenutadipaganico.it\/it\/#organization\"},\"potentialAction\":[{\"@type\":\"SearchAction\",\"target\":{\"@type\":\"EntryPoint\",\"urlTemplate\":\"https:\/\/www.tenutadipaganico.it\/it\/?s={search_term_string}\"},\"query-input\":{\"@type\":\"PropertyValueSpecification\",\"valueRequired\":true,\"valueName\":\"search_term_string\"}}],\"inLanguage\":\"it-IT\"},{\"@type\":\"Organization\",\"@id\":\"https:\/\/www.tenutadipaganico.it\/it\/#organization\",\"name\":\"Tenuta di Paganico\",\"url\":\"https:\/\/www.tenutadipaganico.it\/it\/\",\"logo\":{\"@type\":\"ImageObject\",\"inLanguage\":\"it-IT\",\"@id\":\"https:\/\/www.tenutadipaganico.it\/it\/#\/schema\/logo\/image\/\",\"url\":\"https:\/\/www.tenutadipaganico.it\/wp-content\/uploads\/cropped-LOGO_TENUTA_DI_PAGANICO-1.png\",\"contentUrl\":\"https:\/\/www.tenutadipaganico.it\/wp-content\/uploads\/cropped-LOGO_TENUTA_DI_PAGANICO-1.png\",\"width\":379,\"height\":140,\"caption\":\"Tenuta di Paganico\"},\"image\":{\"@id\":\"https:\/\/www.tenutadipaganico.it\/it\/#\/schema\/logo\/image\/\"}},{\"@type\":\"Person\",\"@id\":\"https:\/\/www.tenutadipaganico.it\/it\/#\/schema\/person\/39d3c428fc1d287ebe9b39e0ce9d39d8\",\"name\":\"admin\",\"image\":{\"@type\":\"ImageObject\",\"inLanguage\":\"it-IT\",\"@id\":\"https:\/\/www.tenutadipaganico.it\/it\/#\/schema\/person\/image\/\",\"url\":\"https:\/\/secure.gravatar.com\/avatar\/a35d46eddda4d0d7811cd801e6845df6?s=96&d=mm&r=g\",\"contentUrl\":\"https:\/\/secure.gravatar.com\/avatar\/a35d46eddda4d0d7811cd801e6845df6?s=96&d=mm&r=g\",\"caption\":\"admin\"},\"url\":\"https:\/\/www.tenutadipaganico.it\/it\/author\/admin\/\"}]}<\/script>\n<!-- \/ Yoast SEO plugin. -->","yoast_head_json":{"title":"Festa dell'Equinozio -","robots":{"index":"index","follow":"follow","max-snippet":"max-snippet:-1","max-image-preview":"max-image-preview:large","max-video-preview":"max-video-preview:-1"},"canonical":"https:\/\/www.tenutadipaganico.it\/it\/festa-dellequinozio\/","og_locale":"it_IT","og_type":"article","og_title":"Festa dell'Equinozio -","og_description":"Sabato 24 marzo &#8211; dalle ore 17 vi chiediamo di entrare nello spirito per festeggiare l&#8217;arrivo della primavera e la [&hellip;]","og_url":"https:\/\/www.tenutadipaganico.it\/it\/festa-dellequinozio\/","article_published_time":"2018-04-11T08:37:11+00:00","article_modified_time":"2018-04-11T08:37:41+00:00","og_image":[{"width":1920,"height":800,"url":"https:\/\/www.tenutadipaganico.it\/wp-content\/uploads\/banner-festa-equinozio.jpg","type":"image\/jpeg"}],"author":"admin","twitter_card":"summary_large_image","twitter_misc":{"Scritto da":"admin","Tempo di lettura stimato":"1 minuto"},"schema":{"@context":"https:\/\/schema.org","@graph":[{"@type":"Article","@id":"https:\/\/www.tenutadipaganico.it\/it\/festa-dellequinozio\/#article","isPartOf":{"@id":"https:\/\/www.tenutadipaganico.it\/it\/festa-dellequinozio\/"},"author":{"name":"admin","@id":"https:\/\/www.tenutadipaganico.it\/it\/#\/schema\/person\/39d3c428fc1d287ebe9b39e0ce9d39d8"},"headline":"Festa dell&#8217;Equinozio","datePublished":"2018-04-11T08:37:11+00:00","dateModified":"2018-04-11T08:37:41+00:00","mainEntityOfPage":{"@id":"https:\/\/www.tenutadipaganico.it\/it\/festa-dellequinozio\/"},"wordCount":161,"commentCount":0,"publisher":{"@id":"https:\/\/www.tenutadipaganico.it\/it\/#organization"},"image":{"@id":"https:\/\/www.tenutadipaganico.it\/it\/festa-dellequinozio\/#primaryimage"},"thumbnailUrl":"http:\/\/www.tenutadipaganico.it\/wp-content\/uploads\/banner-festa-equinozio.jpg","articleSection":["Non categorizzato"],"inLanguage":"it-IT","potentialAction":[{"@type":"CommentAction","name":"Comment","target":["https:\/\/www.tenutadipaganico.it\/it\/festa-dellequinozio\/#respond"]}]},{"@type":"WebPage","@id":"https:\/\/www.tenutadipaganico.it\/it\/festa-dellequinozio\/","url":"https:\/\/www.tenutadipaganico.it\/it\/festa-dellequinozio\/","name":"Festa dell'Equinozio -","isPartOf":{"@id":"https:\/\/www.tenutadipaganico.it\/it\/#website"},"primaryImageOfPage":{"@id":"https:\/\/www.tenutadipaganico.it\/it\/festa-dellequinozio\/#primaryimage"},"image":{"@id":"https:\/\/www.tenutadipaganico.it\/it\/festa-dellequinozio\/#primaryimage"},"thumbnailUrl":"http:\/\/www.tenutadipaganico.it\/wp-content\/uploads\/banner-festa-equinozio.jpg","datePublished":"2018-04-11T08:37:11+00:00","dateModified":"2018-04-11T08:37:41+00:00","breadcrumb":{"@id":"https:\/\/www.tenutadipaganico.it\/it\/festa-dellequinozio\/#breadcrumb"},"inLanguage":"it-IT","potentialAction":[{"@type":"ReadAction","target":["https:\/\/www.tenutadipaganico.it\/it\/festa-dellequinozio\/"]}]},{"@type":"ImageObject","inLanguage":"it-IT","@id":"https:\/\/www.tenutadipaganico.it\/it\/festa-dellequinozio\/#primaryimage","url":"http:\/\/www.tenutadipaganico.it\/wp-content\/uploads\/banner-festa-equinozio.jpg","contentUrl":"http:\/\/www.tenutadipaganico.it\/wp-content\/uploads\/banner-festa-equinozio.jpg"},{"@type":"BreadcrumbList","@id":"https:\/\/www.tenutadipaganico.it\/it\/festa-dellequinozio\/#breadcrumb","itemListElement":[{"@type":"ListItem","position":1,"name":"Home","item":"https:\/\/www.tenutadipaganico.it\/it\/"},{"@type":"ListItem","position":2,"name":"Festa dell&#8217;Equinozio"}]},{"@type":"WebSite","@id":"https:\/\/www.tenutadipaganico.it\/it\/#website","url":"https:\/\/www.tenutadipaganico.it\/it\/","name":"","description":"Tenuta di Paganico","publisher":{"@id":"https:\/\/www.tenutadipaganico.it\/it\/#organization"},"potentialAction":[{"@type":"SearchAction","target":{"@type":"EntryPoint","urlTemplate":"https:\/\/www.tenutadipaganico.it\/it\/?s={search_term_string}"},"query-input":{"@type":"PropertyValueSpecification","valueRequired":true,"valueName":"search_term_string"}}],"inLanguage":"it-IT"},{"@type":"Organization","@id":"https:\/\/www.tenutadipaganico.it\/it\/#organization","name":"Tenuta di Paganico","url":"https:\/\/www.tenutadipaganico.it\/it\/","logo":{"@type":"ImageObject","inLanguage":"it-IT","@id":"https:\/\/www.tenutadipaganico.it\/it\/#\/schema\/logo\/image\/","url":"https:\/\/www.tenutadipaganico.it\/wp-content\/uploads\/cropped-LOGO_TENUTA_DI_PAGANICO-1.png","contentUrl":"https:\/\/www.tenutadipaganico.it\/wp-content\/uploads\/cropped-LOGO_TENUTA_DI_PAGANICO-1.png","width":379,"height":140,"caption":"Tenuta di Paganico"},"image":{"@id":"https:\/\/www.tenutadipaganico.it\/it\/#\/schema\/logo\/image\/"}},{"@type":"Person","@id":"https:\/\/www.tenutadipaganico.it\/it\/#\/schema\/person\/39d3c428fc1d287ebe9b39e0ce9d39d8","name":"admin","image":{"@type":"ImageObject","inLanguage":"it-IT","@id":"https:\/\/www.tenutadipaganico.it\/it\/#\/schema\/person\/image\/","url":"https:\/\/secure.gravatar.com\/avatar\/a35d46eddda4d0d7811cd801e6845df6?s=96&d=mm&r=g","contentUrl":"https:\/\/secure.gravatar.com\/avatar\/a35d46eddda4d0d7811cd801e6845df6?s=96&d=mm&r=g","caption":"admin"},"url":"https:\/\/www.tenutadipaganico.it\/it\/author\/admin\/"}]}},"_links":{"self":[{"href":"https:\/\/www.tenutadipaganico.it\/it\/wp-json\/wp\/v2\/posts\/11957","targetHints":{"allow":["GET"]}}],"collection":[{"href":"https:\/\/www.tenutadipaganico.it\/it\/wp-json\/wp\/v2\/posts"}],"about":[{"href":"https:\/\/www.tenutadipaganico.it\/it\/wp-json\/wp\/v2\/types\/post"}],"author":[{"embeddable":true,"href":"https:\/\/www.tenutadipaganico.it\/it\/wp-json\/wp\/v2\/users\/1"}],"replies":[{"embeddable":true,"href":"https:\/\/www.tenutadipaganico.it\/it\/wp-json\/wp\/v2\/comments?post=11957"}],"version-history":[{"count":3,"href":"https:\/\/www.tenutadipaganico.it\/it\/wp-json\/wp\/v2\/posts\/11957\/revisions"}],"predecessor-version":[{"id":12013,"href":"https:\/\/www.tenutadipaganico.it\/it\/wp-json\/wp\/v2\/posts\/11957\/revisions\/12013"}],"wp:attachment":[{"href":"https:\/\/www.tenutadipaganico.it\/it\/wp-json\/wp\/v2\/media?parent=11957"}],"wp:term":[{"taxonomy":"category","embeddable":true,"href":"https:\/\/www.tenutadipaganico.it\/it\/wp-json\/wp\/v2\/categories?post=11957"},{"taxonomy":"post_tag","embeddable":true,"href":"https:\/\/www.tenutadipaganico.it\/it\/wp-json\/wp\/v2\/tags?post=11957"}],"curies":[{"name":"wp","href":"https:\/\/api.w.org\/{rel}","templated":true}]}}