{"id":11954,"date":"2018-03-14T12:45:00","date_gmt":"2018-03-14T11:45:00","guid":{"rendered":"http:\/\/www.tenutadipaganico.it\/it\/?p=11954"},"modified":"2018-03-14T12:45:00","modified_gmt":"2018-03-14T11:45:00","slug":"cena-etnica-cibo-accoglienza","status":"publish","type":"post","link":"https:\/\/www.tenutadipaganico.it\/it\/cena-etnica-cibo-accoglienza\/","title":{"rendered":"Cena Etnica &#8211; &#8220;cibo come accoglienza&#8221;"},"content":{"rendered":"<p>&nbsp;<\/p>\n<p style=\"text-align: center;\">Vi aspettiamo<strong><br \/>\nVenerd\u00ec 16 marzo 2018<br \/>\na cena con i richiedenti asilo del CAS di Paganico<\/strong><\/p>\n<p style=\"text-align: center;\">L\u2019invito \u00e8 a sedersi alla stessa tavola: un gesto non solo simbolico ma anche pratico; mangiando insieme \u00e8 pi\u00f9 facile aprirsi all\u2019altro, il cibo e la cucina diventano traduzione di \u201ccasa\u201d e di accoglienza.<br \/>\nNasce cos\u00ec l\u2019idea della cena etnica lanciata dalla Tenuta di Paganico in collaborazione con L&#8217;associazione Partecipazione e Sviluppo, che gestisce il centro di Paganico: una cena di incontro tra parole, musica e buon cibo.<br \/>\nAppuntamento venerd\u00ec 16 marzo alle ore 20 nei locali della Tenuta.<\/p>\n<p style=\"text-align: center;\">L\u2019obiettivo \u00e8 favorire l\u2019integrazione tra i richiedenti asilo ospitati in paese e la collettivit\u00e0 ma anche la conoscenza dei sapori nuovi uniti alla tradizione della pi\u00f9 tipica delle carni maremmane.<\/p>\n<p style=\"text-align: center;\">Non un primo, ma un nuovo passo nel percorso avviato positivamente gi\u00e0 l&#8217;autunno scorso per facilitare l&#8217;integrazione.<br \/>\nNel corso della serata contaminazioni di cucina africana e materia prima della Tenuta di Paganico, racconti di migrazione e culture con i richiedenti asilo del Centro di Paganico e dalle ore 21.30 musica con Paganico Roots percussioni e Dj Tutu.<\/p>\n<p style=\"text-align: center;\">Vi invitiamo a partecipare numerosi a questo momento di scambio e incontro.<\/p>\n<p style=\"text-align: center;\">cena a buffet &#8211; costo 20 \u20ac<br \/>\nbevande esclusegli eventuali ricavi\u00a0 saranno destinati a sviluppare nuovi progetti di integrazione<\/p>\n<p>per info e prenotazioni entro gioved\u00ec 15\/03<br \/>\n334 8286004-Maddalena<br \/>\nemail: scoprire@tenutadipaganico.it<\/p>\n<hr \/>\n<p style=\"text-align: center;\"><a href=\"http:\/\/www.tenutadipaganico.it\/wp-content\/uploads\/28701411_2029902527257562_8015816673319081141_o.jpg\"><img fetchpriority=\"high\" decoding=\"async\" class=\"alignnone size-full wp-image-11955\" src=\"http:\/\/www.tenutadipaganico.it\/wp-content\/uploads\/28701411_2029902527257562_8015816673319081141_o.jpg\" alt=\"\" width=\"1448\" height=\"2048\" srcset=\"https:\/\/www.tenutadipaganico.it\/wp-content\/uploads\/28701411_2029902527257562_8015816673319081141_o.jpg 1448w, https:\/\/www.tenutadipaganico.it\/wp-content\/uploads\/28701411_2029902527257562_8015816673319081141_o-600x849.jpg 600w, https:\/\/www.tenutadipaganico.it\/wp-content\/uploads\/28701411_2029902527257562_8015816673319081141_o-212x300.jpg 212w, https:\/\/www.tenutadipaganico.it\/wp-content\/uploads\/28701411_2029902527257562_8015816673319081141_o-768x1086.jpg 768w, https:\/\/www.tenutadipaganico.it\/wp-content\/uploads\/28701411_2029902527257562_8015816673319081141_o-724x1024.jpg 724w\" sizes=\"(max-width: 1448px) 100vw, 1448px\" \/><\/a><\/p>\n<hr \/>\n<p style=\"text-align: center;\">\n","protected":false},"excerpt":{"rendered":"<p>&nbsp; Vi aspettiamo Venerd\u00ec 16 marzo 2018 a cena con i richiedenti asilo del CAS di Paganico L\u2019invito \u00e8 a [&hellip;]<\/p>\n","protected":false},"author":1,"featured_media":0,"comment_status":"open","ping_status":"open","sticky":false,"template":"","format":"standard","meta":{"site-sidebar-layout":"default","site-content-layout":"","ast-site-content-layout":"","site-content-style":"default","site-sidebar-style":"default","ast-global-header-display":"","ast-banner-title-visibility":"","ast-main-header-display":"","ast-hfb-above-header-display":"","ast-hfb-below-header-display":"","ast-hfb-mobile-header-display":"","site-post-title":"","ast-breadcrumbs-content":"","ast-featured-img":"","footer-sml-layout":"","theme-transparent-header-meta":"","adv-header-id-meta":"","stick-header-meta":"","header-above-stick-meta":"","header-main-stick-meta":"","header-below-stick-meta":"","astra-migrate-meta-layouts":"default","ast-page-background-enabled":"default","ast-page-background-meta":{"desktop":{"background-color":"var(--ast-global-color-5)","background-image":"","background-repeat":"repeat","background-position":"center center","background-size":"auto","background-attachment":"scroll","background-type":"","background-media":"","overlay-type":"","overlay-color":"","overlay-opacity":"","overlay-gradient":""},"tablet":{"background-color":"","background-image":"","background-repeat":"repeat","background-position":"center center","background-size":"auto","background-attachment":"scroll","background-type":"","background-media":"","overlay-type":"","overlay-color":"","overlay-opacity":"","overlay-gradient":""},"mobile":{"background-color":"","background-image":"","background-repeat":"repeat","background-position":"center center","background-size":"auto","background-attachment":"scroll","background-type":"","background-media":"","overlay-type":"","overlay-color":"","overlay-opacity":"","overlay-gradient":""}},"ast-content-background-meta":{"desktop":{"background-color":"var(--ast-global-color-4)","background-image":"","background-repeat":"repeat","background-position":"center center","background-size":"auto","background-attachment":"scroll","background-type":"","background-media":"","overlay-type":"","overlay-color":"","overlay-opacity":"","overlay-gradient":""},"tablet":{"background-color":"var(--ast-global-color-4)","background-image":"","background-repeat":"repeat","background-position":"center center","background-size":"auto","background-attachment":"scroll","background-type":"","background-media":"","overlay-type":"","overlay-color":"","overlay-opacity":"","overlay-gradient":""},"mobile":{"background-color":"var(--ast-global-color-4)","background-image":"","background-repeat":"repeat","background-position":"center center","background-size":"auto","background-attachment":"scroll","background-type":"","background-media":"","overlay-type":"","overlay-color":"","overlay-opacity":"","overlay-gradient":""}},"footnotes":""},"categories":[1],"tags":[],"class_list":["post-11954","post","type-post","status-publish","format-standard","hentry","category-non-categorizzato"],"yoast_head":"<!-- This site is optimized with the Yoast SEO plugin v25.9 - https:\/\/yoast.com\/wordpress\/plugins\/seo\/ -->\n<title>Cena Etnica - &quot;cibo come accoglienza&quot; -<\/title>\n<meta name=\"robots\" content=\"index, follow, max-snippet:-1, max-image-preview:large, max-video-preview:-1\" \/>\n<link rel=\"canonical\" href=\"https:\/\/www.tenutadipaganico.it\/it\/cena-etnica-cibo-accoglienza\/\" \/>\n<meta property=\"og:locale\" content=\"it_IT\" \/>\n<meta property=\"og:type\" content=\"article\" \/>\n<meta property=\"og:title\" content=\"Cena Etnica - &quot;cibo come accoglienza&quot; -\" \/>\n<meta property=\"og:description\" content=\"&nbsp; Vi aspettiamo Venerd\u00ec 16 marzo 2018 a cena con i richiedenti asilo del CAS di Paganico L\u2019invito \u00e8 a [&hellip;]\" \/>\n<meta property=\"og:url\" content=\"https:\/\/www.tenutadipaganico.it\/it\/cena-etnica-cibo-accoglienza\/\" \/>\n<meta property=\"article:published_time\" content=\"2018-03-14T11:45:00+00:00\" \/>\n<meta property=\"og:image\" content=\"https:\/\/www.tenutadipaganico.it\/wp-content\/uploads\/28701411_2029902527257562_8015816673319081141_o.jpg\" \/>\n\t<meta property=\"og:image:width\" content=\"1448\" \/>\n\t<meta property=\"og:image:height\" content=\"2048\" \/>\n\t<meta property=\"og:image:type\" content=\"image\/jpeg\" \/>\n<meta name=\"author\" content=\"admin\" \/>\n<meta name=\"twitter:card\" content=\"summary_large_image\" \/>\n<meta name=\"twitter:label1\" content=\"Scritto da\" \/>\n\t<meta name=\"twitter:data1\" content=\"admin\" \/>\n\t<meta name=\"twitter:label2\" content=\"Tempo di lettura stimato\" \/>\n\t<meta name=\"twitter:data2\" content=\"1 minuto\" \/>\n<script type=\"application\/ld+json\" class=\"yoast-schema-graph\">{\"@context\":\"https:\/\/schema.org\",\"@graph\":[{\"@type\":\"Article\",\"@id\":\"https:\/\/www.tenutadipaganico.it\/it\/cena-etnica-cibo-accoglienza\/#article\",\"isPartOf\":{\"@id\":\"https:\/\/www.tenutadipaganico.it\/it\/cena-etnica-cibo-accoglienza\/\"},\"author\":{\"name\":\"admin\",\"@id\":\"https:\/\/www.tenutadipaganico.it\/it\/#\/schema\/person\/39d3c428fc1d287ebe9b39e0ce9d39d8\"},\"headline\":\"Cena Etnica &#8211; &#8220;cibo come accoglienza&#8221;\",\"datePublished\":\"2018-03-14T11:45:00+00:00\",\"mainEntityOfPage\":{\"@id\":\"https:\/\/www.tenutadipaganico.it\/it\/cena-etnica-cibo-accoglienza\/\"},\"wordCount\":226,\"commentCount\":0,\"publisher\":{\"@id\":\"https:\/\/www.tenutadipaganico.it\/it\/#organization\"},\"image\":{\"@id\":\"https:\/\/www.tenutadipaganico.it\/it\/cena-etnica-cibo-accoglienza\/#primaryimage\"},\"thumbnailUrl\":\"http:\/\/www.tenutadipaganico.it\/wp-content\/uploads\/28701411_2029902527257562_8015816673319081141_o.jpg\",\"articleSection\":[\"Non categorizzato\"],\"inLanguage\":\"it-IT\",\"potentialAction\":[{\"@type\":\"CommentAction\",\"name\":\"Comment\",\"target\":[\"https:\/\/www.tenutadipaganico.it\/it\/cena-etnica-cibo-accoglienza\/#respond\"]}]},{\"@type\":\"WebPage\",\"@id\":\"https:\/\/www.tenutadipaganico.it\/it\/cena-etnica-cibo-accoglienza\/\",\"url\":\"https:\/\/www.tenutadipaganico.it\/it\/cena-etnica-cibo-accoglienza\/\",\"name\":\"Cena Etnica - \\\"cibo come accoglienza\\\" -\",\"isPartOf\":{\"@id\":\"https:\/\/www.tenutadipaganico.it\/it\/#website\"},\"primaryImageOfPage\":{\"@id\":\"https:\/\/www.tenutadipaganico.it\/it\/cena-etnica-cibo-accoglienza\/#primaryimage\"},\"image\":{\"@id\":\"https:\/\/www.tenutadipaganico.it\/it\/cena-etnica-cibo-accoglienza\/#primaryimage\"},\"thumbnailUrl\":\"http:\/\/www.tenutadipaganico.it\/wp-content\/uploads\/28701411_2029902527257562_8015816673319081141_o.jpg\",\"datePublished\":\"2018-03-14T11:45:00+00:00\",\"breadcrumb\":{\"@id\":\"https:\/\/www.tenutadipaganico.it\/it\/cena-etnica-cibo-accoglienza\/#breadcrumb\"},\"inLanguage\":\"it-IT\",\"potentialAction\":[{\"@type\":\"ReadAction\",\"target\":[\"https:\/\/www.tenutadipaganico.it\/it\/cena-etnica-cibo-accoglienza\/\"]}]},{\"@type\":\"ImageObject\",\"inLanguage\":\"it-IT\",\"@id\":\"https:\/\/www.tenutadipaganico.it\/it\/cena-etnica-cibo-accoglienza\/#primaryimage\",\"url\":\"http:\/\/www.tenutadipaganico.it\/wp-content\/uploads\/28701411_2029902527257562_8015816673319081141_o.jpg\",\"contentUrl\":\"http:\/\/www.tenutadipaganico.it\/wp-content\/uploads\/28701411_2029902527257562_8015816673319081141_o.jpg\"},{\"@type\":\"BreadcrumbList\",\"@id\":\"https:\/\/www.tenutadipaganico.it\/it\/cena-etnica-cibo-accoglienza\/#breadcrumb\",\"itemListElement\":[{\"@type\":\"ListItem\",\"position\":1,\"name\":\"Home\",\"item\":\"https:\/\/www.tenutadipaganico.it\/it\/\"},{\"@type\":\"ListItem\",\"position\":2,\"name\":\"Cena Etnica &#8211; &#8220;cibo come accoglienza&#8221;\"}]},{\"@type\":\"WebSite\",\"@id\":\"https:\/\/www.tenutadipaganico.it\/it\/#website\",\"url\":\"https:\/\/www.tenutadipaganico.it\/it\/\",\"name\":\"\",\"description\":\"Tenuta di Paganico\",\"publisher\":{\"@id\":\"https:\/\/www.tenutadipaganico.it\/it\/#organization\"},\"potentialAction\":[{\"@type\":\"SearchAction\",\"target\":{\"@type\":\"EntryPoint\",\"urlTemplate\":\"https:\/\/www.tenutadipaganico.it\/it\/?s={search_term_string}\"},\"query-input\":{\"@type\":\"PropertyValueSpecification\",\"valueRequired\":true,\"valueName\":\"search_term_string\"}}],\"inLanguage\":\"it-IT\"},{\"@type\":\"Organization\",\"@id\":\"https:\/\/www.tenutadipaganico.it\/it\/#organization\",\"name\":\"Tenuta di Paganico\",\"url\":\"https:\/\/www.tenutadipaganico.it\/it\/\",\"logo\":{\"@type\":\"ImageObject\",\"inLanguage\":\"it-IT\",\"@id\":\"https:\/\/www.tenutadipaganico.it\/it\/#\/schema\/logo\/image\/\",\"url\":\"https:\/\/www.tenutadipaganico.it\/wp-content\/uploads\/cropped-LOGO_TENUTA_DI_PAGANICO-1.png\",\"contentUrl\":\"https:\/\/www.tenutadipaganico.it\/wp-content\/uploads\/cropped-LOGO_TENUTA_DI_PAGANICO-1.png\",\"width\":379,\"height\":140,\"caption\":\"Tenuta di Paganico\"},\"image\":{\"@id\":\"https:\/\/www.tenutadipaganico.it\/it\/#\/schema\/logo\/image\/\"}},{\"@type\":\"Person\",\"@id\":\"https:\/\/www.tenutadipaganico.it\/it\/#\/schema\/person\/39d3c428fc1d287ebe9b39e0ce9d39d8\",\"name\":\"admin\",\"image\":{\"@type\":\"ImageObject\",\"inLanguage\":\"it-IT\",\"@id\":\"https:\/\/www.tenutadipaganico.it\/it\/#\/schema\/person\/image\/\",\"url\":\"https:\/\/secure.gravatar.com\/avatar\/a35d46eddda4d0d7811cd801e6845df6?s=96&d=mm&r=g\",\"contentUrl\":\"https:\/\/secure.gravatar.com\/avatar\/a35d46eddda4d0d7811cd801e6845df6?s=96&d=mm&r=g\",\"caption\":\"admin\"},\"url\":\"https:\/\/www.tenutadipaganico.it\/it\/author\/admin\/\"}]}<\/script>\n<!-- \/ Yoast SEO plugin. -->","yoast_head_json":{"title":"Cena Etnica - \"cibo come accoglienza\" -","robots":{"index":"index","follow":"follow","max-snippet":"max-snippet:-1","max-image-preview":"max-image-preview:large","max-video-preview":"max-video-preview:-1"},"canonical":"https:\/\/www.tenutadipaganico.it\/it\/cena-etnica-cibo-accoglienza\/","og_locale":"it_IT","og_type":"article","og_title":"Cena Etnica - \"cibo come accoglienza\" -","og_description":"&nbsp; Vi aspettiamo Venerd\u00ec 16 marzo 2018 a cena con i richiedenti asilo del CAS di Paganico L\u2019invito \u00e8 a [&hellip;]","og_url":"https:\/\/www.tenutadipaganico.it\/it\/cena-etnica-cibo-accoglienza\/","article_published_time":"2018-03-14T11:45:00+00:00","og_image":[{"width":1448,"height":2048,"url":"https:\/\/www.tenutadipaganico.it\/wp-content\/uploads\/28701411_2029902527257562_8015816673319081141_o.jpg","type":"image\/jpeg"}],"author":"admin","twitter_card":"summary_large_image","twitter_misc":{"Scritto da":"admin","Tempo di lettura stimato":"1 minuto"},"schema":{"@context":"https:\/\/schema.org","@graph":[{"@type":"Article","@id":"https:\/\/www.tenutadipaganico.it\/it\/cena-etnica-cibo-accoglienza\/#article","isPartOf":{"@id":"https:\/\/www.tenutadipaganico.it\/it\/cena-etnica-cibo-accoglienza\/"},"author":{"name":"admin","@id":"https:\/\/www.tenutadipaganico.it\/it\/#\/schema\/person\/39d3c428fc1d287ebe9b39e0ce9d39d8"},"headline":"Cena Etnica &#8211; &#8220;cibo come accoglienza&#8221;","datePublished":"2018-03-14T11:45:00+00:00","mainEntityOfPage":{"@id":"https:\/\/www.tenutadipaganico.it\/it\/cena-etnica-cibo-accoglienza\/"},"wordCount":226,"commentCount":0,"publisher":{"@id":"https:\/\/www.tenutadipaganico.it\/it\/#organization"},"image":{"@id":"https:\/\/www.tenutadipaganico.it\/it\/cena-etnica-cibo-accoglienza\/#primaryimage"},"thumbnailUrl":"http:\/\/www.tenutadipaganico.it\/wp-content\/uploads\/28701411_2029902527257562_8015816673319081141_o.jpg","articleSection":["Non categorizzato"],"inLanguage":"it-IT","potentialAction":[{"@type":"CommentAction","name":"Comment","target":["https:\/\/www.tenutadipaganico.it\/it\/cena-etnica-cibo-accoglienza\/#respond"]}]},{"@type":"WebPage","@id":"https:\/\/www.tenutadipaganico.it\/it\/cena-etnica-cibo-accoglienza\/","url":"https:\/\/www.tenutadipaganico.it\/it\/cena-etnica-cibo-accoglienza\/","name":"Cena Etnica - \"cibo come accoglienza\" -","isPartOf":{"@id":"https:\/\/www.tenutadipaganico.it\/it\/#website"},"primaryImageOfPage":{"@id":"https:\/\/www.tenutadipaganico.it\/it\/cena-etnica-cibo-accoglienza\/#primaryimage"},"image":{"@id":"https:\/\/www.tenutadipaganico.it\/it\/cena-etnica-cibo-accoglienza\/#primaryimage"},"thumbnailUrl":"http:\/\/www.tenutadipaganico.it\/wp-content\/uploads\/28701411_2029902527257562_8015816673319081141_o.jpg","datePublished":"2018-03-14T11:45:00+00:00","breadcrumb":{"@id":"https:\/\/www.tenutadipaganico.it\/it\/cena-etnica-cibo-accoglienza\/#breadcrumb"},"inLanguage":"it-IT","potentialAction":[{"@type":"ReadAction","target":["https:\/\/www.tenutadipaganico.it\/it\/cena-etnica-cibo-accoglienza\/"]}]},{"@type":"ImageObject","inLanguage":"it-IT","@id":"https:\/\/www.tenutadipaganico.it\/it\/cena-etnica-cibo-accoglienza\/#primaryimage","url":"http:\/\/www.tenutadipaganico.it\/wp-content\/uploads\/28701411_2029902527257562_8015816673319081141_o.jpg","contentUrl":"http:\/\/www.tenutadipaganico.it\/wp-content\/uploads\/28701411_2029902527257562_8015816673319081141_o.jpg"},{"@type":"BreadcrumbList","@id":"https:\/\/www.tenutadipaganico.it\/it\/cena-etnica-cibo-accoglienza\/#breadcrumb","itemListElement":[{"@type":"ListItem","position":1,"name":"Home","item":"https:\/\/www.tenutadipaganico.it\/it\/"},{"@type":"ListItem","position":2,"name":"Cena Etnica &#8211; &#8220;cibo come accoglienza&#8221;"}]},{"@type":"WebSite","@id":"https:\/\/www.tenutadipaganico.it\/it\/#website","url":"https:\/\/www.tenutadipaganico.it\/it\/","name":"","description":"Tenuta di Paganico","publisher":{"@id":"https:\/\/www.tenutadipaganico.it\/it\/#organization"},"potentialAction":[{"@type":"SearchAction","target":{"@type":"EntryPoint","urlTemplate":"https:\/\/www.tenutadipaganico.it\/it\/?s={search_term_string}"},"query-input":{"@type":"PropertyValueSpecification","valueRequired":true,"valueName":"search_term_string"}}],"inLanguage":"it-IT"},{"@type":"Organization","@id":"https:\/\/www.tenutadipaganico.it\/it\/#organization","name":"Tenuta di Paganico","url":"https:\/\/www.tenutadipaganico.it\/it\/","logo":{"@type":"ImageObject","inLanguage":"it-IT","@id":"https:\/\/www.tenutadipaganico.it\/it\/#\/schema\/logo\/image\/","url":"https:\/\/www.tenutadipaganico.it\/wp-content\/uploads\/cropped-LOGO_TENUTA_DI_PAGANICO-1.png","contentUrl":"https:\/\/www.tenutadipaganico.it\/wp-content\/uploads\/cropped-LOGO_TENUTA_DI_PAGANICO-1.png","width":379,"height":140,"caption":"Tenuta di Paganico"},"image":{"@id":"https:\/\/www.tenutadipaganico.it\/it\/#\/schema\/logo\/image\/"}},{"@type":"Person","@id":"https:\/\/www.tenutadipaganico.it\/it\/#\/schema\/person\/39d3c428fc1d287ebe9b39e0ce9d39d8","name":"admin","image":{"@type":"ImageObject","inLanguage":"it-IT","@id":"https:\/\/www.tenutadipaganico.it\/it\/#\/schema\/person\/image\/","url":"https:\/\/secure.gravatar.com\/avatar\/a35d46eddda4d0d7811cd801e6845df6?s=96&d=mm&r=g","contentUrl":"https:\/\/secure.gravatar.com\/avatar\/a35d46eddda4d0d7811cd801e6845df6?s=96&d=mm&r=g","caption":"admin"},"url":"https:\/\/www.tenutadipaganico.it\/it\/author\/admin\/"}]}},"_links":{"self":[{"href":"https:\/\/www.tenutadipaganico.it\/it\/wp-json\/wp\/v2\/posts\/11954","targetHints":{"allow":["GET"]}}],"collection":[{"href":"https:\/\/www.tenutadipaganico.it\/it\/wp-json\/wp\/v2\/posts"}],"about":[{"href":"https:\/\/www.tenutadipaganico.it\/it\/wp-json\/wp\/v2\/types\/post"}],"author":[{"embeddable":true,"href":"https:\/\/www.tenutadipaganico.it\/it\/wp-json\/wp\/v2\/users\/1"}],"replies":[{"embeddable":true,"href":"https:\/\/www.tenutadipaganico.it\/it\/wp-json\/wp\/v2\/comments?post=11954"}],"version-history":[{"count":1,"href":"https:\/\/www.tenutadipaganico.it\/it\/wp-json\/wp\/v2\/posts\/11954\/revisions"}],"predecessor-version":[{"id":11956,"href":"https:\/\/www.tenutadipaganico.it\/it\/wp-json\/wp\/v2\/posts\/11954\/revisions\/11956"}],"wp:attachment":[{"href":"https:\/\/www.tenutadipaganico.it\/it\/wp-json\/wp\/v2\/media?parent=11954"}],"wp:term":[{"taxonomy":"category","embeddable":true,"href":"https:\/\/www.tenutadipaganico.it\/it\/wp-json\/wp\/v2\/categories?post=11954"},{"taxonomy":"post_tag","embeddable":true,"href":"https:\/\/www.tenutadipaganico.it\/it\/wp-json\/wp\/v2\/tags?post=11954"}],"curies":[{"name":"wp","href":"https:\/\/api.w.org\/{rel}","templated":true}]}}